{"id":77,"date":"2021-01-10T07:01:14","date_gmt":"2021-01-10T06:01:14","guid":{"rendered":"https:\/\/asimtria.org\/transpiksel\/?p=77"},"modified":"2021-02-05T03:15:05","modified_gmt":"2021-02-05T02:15:05","slug":"martes-09-febrero","status":"publish","type":"post","link":"https:\/\/asimtria.org\/transpiksel\/?p=77","title":{"rendered":"Gladys Conde [PE]"},"content":{"rendered":"<p><a href=\"https:\/\/www.youtube.com\/channel\/UCb43hLz83k5eYkS4KOQx-mQ\" target=\"_blank\" rel=\"noopener\">https:\/\/www.youtube.com\/channel\/UCb43hLz83k5eYkS4KOQx-mQ<\/a><\/p>\n<p><span data-sheets-value=\"{&quot;1&quot;:2,&quot;2&quot;:&quot;Cantautora. Su deseo y determinaci\u00f3n por usar la voz y la palabra, como recurso fundamental en la crianza, la educaci\u00f3n y la sanaci\u00f3n, le han impulsado a formarse, llenarse de experiencia y compartirla. Ha sido acompa\u00f1ante musical en centros de educaci\u00f3n inicial de Cusco. Tambi\u00e9n facilitadora de talleres en torno del arrullo para madres gestantes, madres adolescentes, abuelos, recien nacidos, profesores, m\u00e9dicos y enfermeros. Obtuvo una menci\u00f3n honrosa en poes\u00eda por el Premio Regional de Cultura de Cusco (2006), public\u00e1ndose sus poes\u00edas \u201cAntolog\u00eda Po\u00e9tica del Cusco\u201d INC (2007), \u201cJuego y silencio\u201d Editorial Saqra (2009), \u201cLliqlla. El Canto de la abuela\u201d (2020) por el Fondo Editorial SM, con las ilustraciones de la pintora Natlya Liz\u00e1rraga. Sus composiciones musicales han sido armonizadas con los arreglos para guitarra del maestro Omar Vargas, con quien public\u00f3 los discos \u201dZorrito Ram\u00f3n\u201d (2011), \u201cIntiwawacha\u201d (2012); \u201cEl vuelo de katari\u201d (2013) y \u201cWanamey: \u00c1rbol de vida\u201d (2017). Elabor\u00f3 una gu\u00eda de apoyo pedag\u00f3gico para maestros rurales Plan Per\u00fa, con el tema de Estimulaci\u00f3n temprana \u201cArriba el Sol\u201d (2009). Ha venido desarrollando proyectos integrales como \u201cTejedores del sonido\u201d, donde se ense\u00f1a a hilar acompa\u00f1adas del recurso del canto, \u201cConciertos de arrullo para beb\u00e9s\u201d y los c\u00edrculos de expresi\u00f3n \u201cEl Cuerpo de la Voz\u201d, para v\u00edctimas que han callado la violencia y \u201cVoces y cantos para el arrullo\u201d para fortalecer los v\u00ednculos afectivos de la familia con el beb\u00e9. Actualmente trabaja adem\u00e1s, en una nueva producci\u00f3n musical, en lenguas quechua, aymara y espa\u00f1ol: \u201cWawa. Cantos de arrullo\u201d, gracias a los \u201cApoyos Econ\u00f3micos\u201d del Ministerio de Cultura de Cusco (2020). Este \u00faltimo proyecto tendr\u00e1 un especial impacto positivo en el fortalecimiento afectivo de las poblaciones vulnerables del Per\u00fa.&quot;}\" data-sheets-userformat=\"{&quot;2&quot;:513,&quot;3&quot;:{&quot;1&quot;:0},&quot;12&quot;:0}\">Cantautora. Su deseo y determinaci\u00f3n por usar la voz y la palabra, como recurso fundamental en la crianza, la educaci\u00f3n y la sanaci\u00f3n, le han impulsado a formarse, llenarse de experiencia y compartirla. <\/span><\/p>\n<p><span data-sheets-value=\"{&quot;1&quot;:2,&quot;2&quot;:&quot;Cantautora. Su deseo y determinaci\u00f3n por usar la voz y la palabra, como recurso fundamental en la crianza, la educaci\u00f3n y la sanaci\u00f3n, le han impulsado a formarse, llenarse de experiencia y compartirla. Ha sido acompa\u00f1ante musical en centros de educaci\u00f3n inicial de Cusco. Tambi\u00e9n facilitadora de talleres en torno del arrullo para madres gestantes, madres adolescentes, abuelos, recien nacidos, profesores, m\u00e9dicos y enfermeros. Obtuvo una menci\u00f3n honrosa en poes\u00eda por el Premio Regional de Cultura de Cusco (2006), public\u00e1ndose sus poes\u00edas \u201cAntolog\u00eda Po\u00e9tica del Cusco\u201d INC (2007), \u201cJuego y silencio\u201d Editorial Saqra (2009), \u201cLliqlla. El Canto de la abuela\u201d (2020) por el Fondo Editorial SM, con las ilustraciones de la pintora Natlya Liz\u00e1rraga. Sus composiciones musicales han sido armonizadas con los arreglos para guitarra del maestro Omar Vargas, con quien public\u00f3 los discos \u201dZorrito Ram\u00f3n\u201d (2011), \u201cIntiwawacha\u201d (2012); \u201cEl vuelo de katari\u201d (2013) y \u201cWanamey: \u00c1rbol de vida\u201d (2017). Elabor\u00f3 una gu\u00eda de apoyo pedag\u00f3gico para maestros rurales Plan Per\u00fa, con el tema de Estimulaci\u00f3n temprana \u201cArriba el Sol\u201d (2009). Ha venido desarrollando proyectos integrales como \u201cTejedores del sonido\u201d, donde se ense\u00f1a a hilar acompa\u00f1adas del recurso del canto, \u201cConciertos de arrullo para beb\u00e9s\u201d y los c\u00edrculos de expresi\u00f3n \u201cEl Cuerpo de la Voz\u201d, para v\u00edctimas que han callado la violencia y \u201cVoces y cantos para el arrullo\u201d para fortalecer los v\u00ednculos afectivos de la familia con el beb\u00e9. Actualmente trabaja adem\u00e1s, en una nueva producci\u00f3n musical, en lenguas quechua, aymara y espa\u00f1ol: \u201cWawa. Cantos de arrullo\u201d, gracias a los \u201cApoyos Econ\u00f3micos\u201d del Ministerio de Cultura de Cusco (2020). Este \u00faltimo proyecto tendr\u00e1 un especial impacto positivo en el fortalecimiento afectivo de las poblaciones vulnerables del Per\u00fa.&quot;}\" data-sheets-userformat=\"{&quot;2&quot;:513,&quot;3&quot;:{&quot;1&quot;:0},&quot;12&quot;:0}\">Ha sido acompa\u00f1ante musical en centros de educaci\u00f3n inicial de Cusco. Tambi\u00e9n facilitadora de talleres en torno del arrullo para madres gestantes, madres adolescentes, abuelos, recien nacidos, profesores, m\u00e9dicos y enfermeros. <\/span><\/p>\n<p><span data-sheets-value=\"{&quot;1&quot;:2,&quot;2&quot;:&quot;Cantautora. Su deseo y determinaci\u00f3n por usar la voz y la palabra, como recurso fundamental en la crianza, la educaci\u00f3n y la sanaci\u00f3n, le han impulsado a formarse, llenarse de experiencia y compartirla. Ha sido acompa\u00f1ante musical en centros de educaci\u00f3n inicial de Cusco. Tambi\u00e9n facilitadora de talleres en torno del arrullo para madres gestantes, madres adolescentes, abuelos, recien nacidos, profesores, m\u00e9dicos y enfermeros. Obtuvo una menci\u00f3n honrosa en poes\u00eda por el Premio Regional de Cultura de Cusco (2006), public\u00e1ndose sus poes\u00edas \u201cAntolog\u00eda Po\u00e9tica del Cusco\u201d INC (2007), \u201cJuego y silencio\u201d Editorial Saqra (2009), \u201cLliqlla. El Canto de la abuela\u201d (2020) por el Fondo Editorial SM, con las ilustraciones de la pintora Natlya Liz\u00e1rraga. Sus composiciones musicales han sido armonizadas con los arreglos para guitarra del maestro Omar Vargas, con quien public\u00f3 los discos \u201dZorrito Ram\u00f3n\u201d (2011), \u201cIntiwawacha\u201d (2012); \u201cEl vuelo de katari\u201d (2013) y \u201cWanamey: \u00c1rbol de vida\u201d (2017). Elabor\u00f3 una gu\u00eda de apoyo pedag\u00f3gico para maestros rurales Plan Per\u00fa, con el tema de Estimulaci\u00f3n temprana \u201cArriba el Sol\u201d (2009). Ha venido desarrollando proyectos integrales como \u201cTejedores del sonido\u201d, donde se ense\u00f1a a hilar acompa\u00f1adas del recurso del canto, \u201cConciertos de arrullo para beb\u00e9s\u201d y los c\u00edrculos de expresi\u00f3n \u201cEl Cuerpo de la Voz\u201d, para v\u00edctimas que han callado la violencia y \u201cVoces y cantos para el arrullo\u201d para fortalecer los v\u00ednculos afectivos de la familia con el beb\u00e9. Actualmente trabaja adem\u00e1s, en una nueva producci\u00f3n musical, en lenguas quechua, aymara y espa\u00f1ol: \u201cWawa. Cantos de arrullo\u201d, gracias a los \u201cApoyos Econ\u00f3micos\u201d del Ministerio de Cultura de Cusco (2020). Este \u00faltimo proyecto tendr\u00e1 un especial impacto positivo en el fortalecimiento afectivo de las poblaciones vulnerables del Per\u00fa.&quot;}\" data-sheets-userformat=\"{&quot;2&quot;:513,&quot;3&quot;:{&quot;1&quot;:0},&quot;12&quot;:0}\">Obtuvo una menci\u00f3n honrosa en poes\u00eda por el Premio Regional de Cultura de Cusco (2006), public\u00e1ndose sus poes\u00edas \u201cAntolog\u00eda Po\u00e9tica del Cusco\u201d INC (2007), \u201cJuego y silencio\u201d Editorial Saqra (2009), \u201cLliqlla. El Canto de la abuela\u201d (2020) por el Fondo Editorial SM, con las ilustraciones de la pintora Natlya Liz\u00e1rraga. Sus composiciones musicales han sido armonizadas con los arreglos para guitarra del maestro Omar Vargas, con quien public\u00f3 los discos \u201dZorrito Ram\u00f3n\u201d (2011), \u201cIntiwawacha\u201d (2012); \u201cEl vuelo de katari\u201d (2013) y \u201cWanamey: \u00c1rbol de vida\u201d (2017). <\/span><\/p>\n<p><span data-sheets-value=\"{&quot;1&quot;:2,&quot;2&quot;:&quot;Cantautora. Su deseo y determinaci\u00f3n por usar la voz y la palabra, como recurso fundamental en la crianza, la educaci\u00f3n y la sanaci\u00f3n, le han impulsado a formarse, llenarse de experiencia y compartirla. Ha sido acompa\u00f1ante musical en centros de educaci\u00f3n inicial de Cusco. Tambi\u00e9n facilitadora de talleres en torno del arrullo para madres gestantes, madres adolescentes, abuelos, recien nacidos, profesores, m\u00e9dicos y enfermeros. Obtuvo una menci\u00f3n honrosa en poes\u00eda por el Premio Regional de Cultura de Cusco (2006), public\u00e1ndose sus poes\u00edas \u201cAntolog\u00eda Po\u00e9tica del Cusco\u201d INC (2007), \u201cJuego y silencio\u201d Editorial Saqra (2009), \u201cLliqlla. El Canto de la abuela\u201d (2020) por el Fondo Editorial SM, con las ilustraciones de la pintora Natlya Liz\u00e1rraga. Sus composiciones musicales han sido armonizadas con los arreglos para guitarra del maestro Omar Vargas, con quien public\u00f3 los discos \u201dZorrito Ram\u00f3n\u201d (2011), \u201cIntiwawacha\u201d (2012); \u201cEl vuelo de katari\u201d (2013) y \u201cWanamey: \u00c1rbol de vida\u201d (2017). Elabor\u00f3 una gu\u00eda de apoyo pedag\u00f3gico para maestros rurales Plan Per\u00fa, con el tema de Estimulaci\u00f3n temprana \u201cArriba el Sol\u201d (2009). Ha venido desarrollando proyectos integrales como \u201cTejedores del sonido\u201d, donde se ense\u00f1a a hilar acompa\u00f1adas del recurso del canto, \u201cConciertos de arrullo para beb\u00e9s\u201d y los c\u00edrculos de expresi\u00f3n \u201cEl Cuerpo de la Voz\u201d, para v\u00edctimas que han callado la violencia y \u201cVoces y cantos para el arrullo\u201d para fortalecer los v\u00ednculos afectivos de la familia con el beb\u00e9. Actualmente trabaja adem\u00e1s, en una nueva producci\u00f3n musical, en lenguas quechua, aymara y espa\u00f1ol: \u201cWawa. Cantos de arrullo\u201d, gracias a los \u201cApoyos Econ\u00f3micos\u201d del Ministerio de Cultura de Cusco (2020). Este \u00faltimo proyecto tendr\u00e1 un especial impacto positivo en el fortalecimiento afectivo de las poblaciones vulnerables del Per\u00fa.&quot;}\" data-sheets-userformat=\"{&quot;2&quot;:513,&quot;3&quot;:{&quot;1&quot;:0},&quot;12&quot;:0}\">Elabor\u00f3 una gu\u00eda de apoyo pedag\u00f3gico para maestros rurales Plan Per\u00fa, con el tema de Estimulaci\u00f3n temprana \u201cArriba el Sol\u201d (2009). Ha venido desarrollando proyectos integrales como \u201cTejedores del sonido\u201d, donde se ense\u00f1a a hilar acompa\u00f1adas del recurso del canto, \u201cConciertos de arrullo para beb\u00e9s\u201d y los c\u00edrculos de expresi\u00f3n \u201cEl Cuerpo de la Voz\u201d, para v\u00edctimas que han callado la violencia y \u201cVoces y cantos para el arrullo\u201d para fortalecer los v\u00ednculos afectivos de la familia con el beb\u00e9. <\/span><\/p>\n<p><span data-sheets-value=\"{&quot;1&quot;:2,&quot;2&quot;:&quot;Cantautora. Su deseo y determinaci\u00f3n por usar la voz y la palabra, como recurso fundamental en la crianza, la educaci\u00f3n y la sanaci\u00f3n, le han impulsado a formarse, llenarse de experiencia y compartirla. Ha sido acompa\u00f1ante musical en centros de educaci\u00f3n inicial de Cusco. Tambi\u00e9n facilitadora de talleres en torno del arrullo para madres gestantes, madres adolescentes, abuelos, recien nacidos, profesores, m\u00e9dicos y enfermeros. Obtuvo una menci\u00f3n honrosa en poes\u00eda por el Premio Regional de Cultura de Cusco (2006), public\u00e1ndose sus poes\u00edas \u201cAntolog\u00eda Po\u00e9tica del Cusco\u201d INC (2007), \u201cJuego y silencio\u201d Editorial Saqra (2009), \u201cLliqlla. El Canto de la abuela\u201d (2020) por el Fondo Editorial SM, con las ilustraciones de la pintora Natlya Liz\u00e1rraga. Sus composiciones musicales han sido armonizadas con los arreglos para guitarra del maestro Omar Vargas, con quien public\u00f3 los discos \u201dZorrito Ram\u00f3n\u201d (2011), \u201cIntiwawacha\u201d (2012); \u201cEl vuelo de katari\u201d (2013) y \u201cWanamey: \u00c1rbol de vida\u201d (2017). Elabor\u00f3 una gu\u00eda de apoyo pedag\u00f3gico para maestros rurales Plan Per\u00fa, con el tema de Estimulaci\u00f3n temprana \u201cArriba el Sol\u201d (2009). Ha venido desarrollando proyectos integrales como \u201cTejedores del sonido\u201d, donde se ense\u00f1a a hilar acompa\u00f1adas del recurso del canto, \u201cConciertos de arrullo para beb\u00e9s\u201d y los c\u00edrculos de expresi\u00f3n \u201cEl Cuerpo de la Voz\u201d, para v\u00edctimas que han callado la violencia y \u201cVoces y cantos para el arrullo\u201d para fortalecer los v\u00ednculos afectivos de la familia con el beb\u00e9. Actualmente trabaja adem\u00e1s, en una nueva producci\u00f3n musical, en lenguas quechua, aymara y espa\u00f1ol: \u201cWawa. Cantos de arrullo\u201d, gracias a los \u201cApoyos Econ\u00f3micos\u201d del Ministerio de Cultura de Cusco (2020). Este \u00faltimo proyecto tendr\u00e1 un especial impacto positivo en el fortalecimiento afectivo de las poblaciones vulnerables del Per\u00fa.&quot;}\" data-sheets-userformat=\"{&quot;2&quot;:513,&quot;3&quot;:{&quot;1&quot;:0},&quot;12&quot;:0}\">Actualmente trabaja adem\u00e1s, en una nueva producci\u00f3n musical, en lenguas quechua, aymara y espa\u00f1ol: \u201cWawa. Cantos de arrullo\u201d, gracias a los \u201cApoyos Econ\u00f3micos\u201d del Ministerio de Cultura de Cusco (2020). Este \u00faltimo proyecto tendr\u00e1 un especial impacto positivo en el fortalecimiento afectivo de las poblaciones vulnerables del Per\u00fa.<\/span><\/p>\n<p><strong>Propuesta Sonora<\/strong><br \/>\n<span data-sheets-value=\"{&quot;1&quot;:2,&quot;2&quot;:&quot;Recurso vocal, con efectos, onomatopeyas, canto libre, con vibraci\u00f3n, manejo de color, de texturas, intensidades. Es un canto experimental. Guitarra que armoniza&quot;}\" data-sheets-userformat=\"{&quot;2&quot;:513,&quot;3&quot;:{&quot;1&quot;:0},&quot;12&quot;:0}\">En compa\u00f1\u00eda de Omar Vargas. Recurso vocal, con efectos, onomatopeyas, canto libre, con vibraci\u00f3n, manejo de color, de texturas, intensidades. Es un canto experimental. Guitarra que armoniza<\/span>.<\/p>\n","protected":false},"excerpt":{"rendered":"<p>Cantautora. Su deseo y determinaci\u00f3n por usar la voz y la palabra, como recurso fundamental en la crianza, la educaci\u00f3n y la sanaci\u00f3n, le han impulsado a formarse, llenarse de experiencia y compartirla.<\/p>\n<p>Ha sido acompa\u00f1ante musical en centros de educaci\u00f3n inicial de Cusco. Tambi\u00e9n facilitadora de talleres en torno del arrullo para madres gestantes, madres adolescentes, abuelos, recien nacidos, profesores, m\u00e9dicos y enfermeros.<\/p>\n<p>Obtuvo una menci\u00f3n honrosa en poes\u00eda por el Premio Regional de Cultura de Cusco (2006), public\u00e1ndose sus poes\u00edas \u201cAntolog\u00eda Po\u00e9tica del Cusco\u201d INC (2007), \u201cJuego y silencio\u201d Editorial Saqra (2009), \u201cLliqlla. El Canto de la abuela\u201d (2020) por el Fondo Editorial SM, con las ilustraciones de la pintora Natlya Liz\u00e1rraga. Sus composiciones musicales han sido armonizadas con los arreglos para guitarra del maestro Omar Vargas, con quien public\u00f3 los discos \u201dZorrito Ram\u00f3n\u201d (2011), \u201cIntiwawacha\u201d (2012); \u201cEl vuelo de katari\u201d (2013) y \u201cWanamey: \u00c1rbol de vida\u201d (2017).<\/p>\n<p>Elabor\u00f3 una gu\u00eda de apoyo pedag\u00f3gico para maestros rurales Plan Per\u00fa, con el tema de Estimulaci\u00f3n temprana \u201cArriba el Sol\u201d (2009). Ha venido desarrollando proyectos integrales como \u201cTejedores del sonido\u201d, donde se ense\u00f1a a hilar acompa\u00f1adas del recurso del canto, \u201cConciertos de arrullo para beb\u00e9s\u201d y los c\u00edrculos de expresi\u00f3n \u201cEl Cuerpo de la Voz\u201d, para v\u00edctimas que han callado la violencia y \u201cVoces y cantos para el arrullo\u201d para fortalecer los v\u00ednculos afectivos de la familia con el beb\u00e9.<\/p>\n<p>Actualmente trabaja adem\u00e1s, en una nueva producci\u00f3n musical, en lenguas quechua, aymara y espa\u00f1ol: \u201cWawa. Cantos de arrullo\u201d, gracias a los \u201cApoyos Econ\u00f3micos\u201d del Ministerio de Cultura de Cusco (2020). Este \u00faltimo proyecto tendr\u00e1 un especial impacto positivo en el fortalecimiento afectivo de las poblaciones vulnerables del Per\u00fa.<\/p>\n","protected":false},"author":1,"featured_media":112,"comment_status":"closed","ping_status":"open","sticky":false,"template":"","format":"standard","meta":{"footnotes":""},"categories":[9],"tags":[10],"class_list":["post-77","post","type-post","status-publish","format-standard","has-post-thumbnail","hentry","category-conciertos","tag-gladys-conde"],"_links":{"self":[{"href":"https:\/\/asimtria.org\/transpiksel\/index.php?rest_route=\/wp\/v2\/posts\/77","targetHints":{"allow":["GET"]}}],"collection":[{"href":"https:\/\/asimtria.org\/transpiksel\/index.php?rest_route=\/wp\/v2\/posts"}],"about":[{"href":"https:\/\/asimtria.org\/transpiksel\/index.php?rest_route=\/wp\/v2\/types\/post"}],"author":[{"embeddable":true,"href":"https:\/\/asimtria.org\/transpiksel\/index.php?rest_route=\/wp\/v2\/users\/1"}],"replies":[{"embeddable":true,"href":"https:\/\/asimtria.org\/transpiksel\/index.php?rest_route=%2Fwp%2Fv2%2Fcomments&post=77"}],"version-history":[{"count":9,"href":"https:\/\/asimtria.org\/transpiksel\/index.php?rest_route=\/wp\/v2\/posts\/77\/revisions"}],"predecessor-version":[{"id":365,"href":"https:\/\/asimtria.org\/transpiksel\/index.php?rest_route=\/wp\/v2\/posts\/77\/revisions\/365"}],"wp:featuredmedia":[{"embeddable":true,"href":"https:\/\/asimtria.org\/transpiksel\/index.php?rest_route=\/wp\/v2\/media\/112"}],"wp:attachment":[{"href":"https:\/\/asimtria.org\/transpiksel\/index.php?rest_route=%2Fwp%2Fv2%2Fmedia&parent=77"}],"wp:term":[{"taxonomy":"category","embeddable":true,"href":"https:\/\/asimtria.org\/transpiksel\/index.php?rest_route=%2Fwp%2Fv2%2Fcategories&post=77"},{"taxonomy":"post_tag","embeddable":true,"href":"https:\/\/asimtria.org\/transpiksel\/index.php?rest_route=%2Fwp%2Fv2%2Ftags&post=77"}],"curies":[{"name":"wp","href":"https:\/\/api.w.org\/{rel}","templated":true}]}}