{"id":3812,"date":"2023-12-13T21:39:24","date_gmt":"2023-12-13T20:39:24","guid":{"rendered":"https:\/\/asimtria.org\/pumpum\/?p=3812"},"modified":"2023-12-13T21:39:24","modified_gmt":"2023-12-13T20:39:24","slug":"kapachita-co","status":"publish","type":"post","link":"https:\/\/asimtria.org\/pumpum\/?p=3812","title":{"rendered":"Kapachita [CO]"},"content":{"rendered":"<p><span data-sheets-root=\"1\" data-sheets-value=\"{&quot;1&quot;:2,&quot;2&quot;:&quot;Pseudonimo: KAPACHITA \\nGuardiana de semillas y artista visual multimedial, con enfoque en temas sobre agroecolog\u00eda, bot\u00e1nica, ilustraci\u00f3n naturalista y visibilizaci\u00f3n de las luchas de las comunidades originarias por la autonom\u00eda alimentaria y el territorio. Cofundadora de la corporaci\u00f3n Espora Semillas Originarias. Desde el 2016 est\u00e1 articulada a varios procesos que trabajan por la defensa de las semillas y el territorio; como la Red de Guardianes de Semillas de Vida y la Red de Semillas Libres de Colombia, participando de manera activa en el nodo Antioquia-Centro.&quot;}\" data-sheets-userformat=\"{&quot;2&quot;:515,&quot;3&quot;:{&quot;1&quot;:0},&quot;4&quot;:{&quot;1&quot;:2,&quot;2&quot;:65280},&quot;12&quot;:0}\">Guardiana de semillas y artista visual multimedial, con enfoque en temas sobre agroecolog\u00eda, bot\u00e1nica, ilustraci\u00f3n naturalista y visibilizaci\u00f3n de las luchas de las comunidades originarias por la autonom\u00eda alimentaria y el territorio. Cofundadora de la corporaci\u00f3n Espora Semillas Originarias. Desde el 2016 est\u00e1 articulada a varios procesos que trabajan por la defensa de las semillas y el territorio; como la Red de Guardianes de Semillas de Vida y la Red de Semillas Libres de Colombia, participando de manera activa en el nodo Antioquia-Centro.<\/span><\/p>\n","protected":false},"excerpt":{"rendered":"<p>Guardiana de semillas y artista visual multimedial, con enfoque en temas sobre agroecolog\u00eda, bot\u00e1nica, ilustraci\u00f3n naturalista y visibilizaci\u00f3n de las luchas de las comunidades originarias por la autonom\u00eda alimentaria y el territorio.<\/p>\n","protected":false},"author":1,"featured_media":3813,"comment_status":"closed","ping_status":"open","sticky":false,"template":"","format":"standard","meta":{"footnotes":""},"categories":[121],"tags":[],"class_list":["post-3812","post","type-post","status-publish","format-standard","has-post-thumbnail","hentry","category-121"],"_links":{"self":[{"href":"https:\/\/asimtria.org\/pumpum\/index.php?rest_route=\/wp\/v2\/posts\/3812","targetHints":{"allow":["GET"]}}],"collection":[{"href":"https:\/\/asimtria.org\/pumpum\/index.php?rest_route=\/wp\/v2\/posts"}],"about":[{"href":"https:\/\/asimtria.org\/pumpum\/index.php?rest_route=\/wp\/v2\/types\/post"}],"author":[{"embeddable":true,"href":"https:\/\/asimtria.org\/pumpum\/index.php?rest_route=\/wp\/v2\/users\/1"}],"replies":[{"embeddable":true,"href":"https:\/\/asimtria.org\/pumpum\/index.php?rest_route=%2Fwp%2Fv2%2Fcomments&post=3812"}],"version-history":[{"count":1,"href":"https:\/\/asimtria.org\/pumpum\/index.php?rest_route=\/wp\/v2\/posts\/3812\/revisions"}],"predecessor-version":[{"id":3814,"href":"https:\/\/asimtria.org\/pumpum\/index.php?rest_route=\/wp\/v2\/posts\/3812\/revisions\/3814"}],"wp:featuredmedia":[{"embeddable":true,"href":"https:\/\/asimtria.org\/pumpum\/index.php?rest_route=\/wp\/v2\/media\/3813"}],"wp:attachment":[{"href":"https:\/\/asimtria.org\/pumpum\/index.php?rest_route=%2Fwp%2Fv2%2Fmedia&parent=3812"}],"wp:term":[{"taxonomy":"category","embeddable":true,"href":"https:\/\/asimtria.org\/pumpum\/index.php?rest_route=%2Fwp%2Fv2%2Fcategories&post=3812"},{"taxonomy":"post_tag","embeddable":true,"href":"https:\/\/asimtria.org\/pumpum\/index.php?rest_route=%2Fwp%2Fv2%2Ftags&post=3812"}],"curies":[{"name":"wp","href":"https:\/\/api.w.org\/{rel}","templated":true}]}}