{"id":784,"date":"2016-01-01T03:40:28","date_gmt":"2016-01-01T03:40:28","guid":{"rendered":"http:\/\/asimtria.org\/?p=784"},"modified":"2020-12-14T03:14:36","modified_gmt":"2020-12-14T03:14:36","slug":"microfestival-sonoro-de-verano-2","status":"publish","type":"post","link":"https:\/\/asimtria.org\/?p=784","title":{"rendered":"MicroFestival Sonoro de Verano"},"content":{"rendered":"<p><a href=\"https:\/\/www.facebook.com\/asimtriaorg\/\" data-hovercard=\"\/ajax\/hovercard\/page.php?id=123340883784&amp;extragetparams=%7B%22directed_target_id%22%3A1759874810902421%7D\">asimtria.org<\/a>, <a href=\"https:\/\/www.facebook.com\/Andesground-Sinta-Ruqyay-Yuyana-170099606371233\/\" data-hovercard=\"\/ajax\/hovercard\/page.php?id=170099606371233&amp;extragetparams=%7B%22directed_target_id%22%3A1759874810902421%7D\">Andesground (Sinta Ruqyay Yuyana)<\/a> y <a href=\"https:\/\/www.facebook.com\/GebrauArequipa\/\" data-hovercard=\"\/ajax\/hovercard\/page.php?id=527368210755021&amp;extragetparams=%7B%22directed_target_id%22%3A1759874810902421%7D\">Gebrau<\/a> presentan una serie de Conciertos de Intercambio entre m\u00fasicos, no-m\u00fasicos, residentes y transe\u00fantes.<\/p>\n<p>Martes 12 de Enero | 7:30pm<br \/>\n+ TTT<br \/>\n+ \u010cudars Draksler Duo<br \/>\n+ La Vie<\/p>\n<p>Viernes 15 de Enero | 7:30pm<br \/>\n+ Maruo Bandai<br \/>\n+ Arvind Ganga<\/p>\n<p>INGRESO LIBERADO<span class=\"text_exposed_show\"><br \/>\nVenta de discos de La Vie y discos y cassetes de Andestapes<\/p>\n<p>&#8212;&#8212;&#8212;&#8212;&#8212;&#8212;&#8212;&#8212;&#8211;<wbr \/>&#8212;&#8212;&#8212;&#8212;&#8212;&#8212;&#8212;&#8212;&#8211;<wbr \/>&#8212;&#8212;&#8212;-<\/p>\n<p><strong><a href=\"https:\/\/www.facebook.com\/matisskaja\/\" data-hovercard=\"\/ajax\/hovercard\/page.php?id=681682068528931&amp;extragetparams=%7B%22directed_target_id%22%3A1759874810902421%7D\">Mat\u012bss \u010cudars &#8211; Kaja Draksler Duo<\/a><\/strong> | Letonia &#8211; Eslovenia<br \/>\n<a href=\"http:\/\/cudars-draksler.tumblr.com\/\" target=\"_blank\" rel=\"nofollow nofollow\">http:\/\/<wbr \/>cudars-draksler.tumblr.com\/<\/a><br \/>\nDesde su aparici\u00f3n en Amsterdam en 2013, el d\u00fao ha estado tocando intensamente en Holanda, Alemania, B\u00e9lgica, Eslovenia, Croacia, Kosovo, Letonia y Lituania. Han desarrollado un lenguaje espec\u00edfico a trav\u00e9s de composiciones originales y la improvisaci\u00f3n libre. Sus influencias provienen del jazz y la m\u00fasica cl\u00e1sica y contempor\u00e1nea improvisada.<\/p>\n<p><strong>Arvind Ganga<\/strong> | Holanda<br \/>\n<a href=\"http:\/\/l.facebook.com\/l.php?u=http%3A%2F%2Fwww.arvindganga.net%2F&amp;h=QAQHf-x41&amp;enc=AZOLoRFUpQ08Ohky5JraweGDXX40j_vBGYWVP8oSKA_J07H7RBaU7mDKshyU1kkhVow&amp;s=1\" target=\"_blank\" rel=\"nofollow nofollow\">http:\/\/<wbr \/>www.arvindganga.net\/<\/a><br \/>\nGuitarrista de La Haya. Adem\u00e1s emplea objetos y t\u00e9cnicas extendidas para explorar nuevas posibilidades sonoras. Su m\u00fasica se nutre de influencias tan diversas como el ruido y drones, ragas indios del norte, el rock experimental y sonidos cotidianos, todo a trav\u00e9s de la improvisaci\u00f3n libre.<\/p>\n<p><strong>TTT<\/strong> | Per\u00fa<br \/>\nPropuesta aural multicanal, se alimenta de las influencias de paisajes de la realidad sonora, la electr\u00f3nica artesanal, la m\u00fasica y la sensaci\u00f3n inmersiva del ruido y de algunas palabras resquebrajadas.<\/p>\n<p><strong>Maruo Bandai<\/strong> | Per\u00fa<br \/>\n<a href=\"https:\/\/www.facebook.com\/l.php?u=https%3A%2F%2Fsoundcloud.com%2Finfinito-tropical&amp;h=gAQGchSOV&amp;enc=AZPI1jZpmGREY4rlckFRhuXPss5IjGVQ2ekBRM9BngIa0aSHN14FoE12GR-iXnfgtg8&amp;s=1\" target=\"_blank\" rel=\"nofollow nofollow\">https:\/\/soundcloud.com\/<wbr \/>infinito-tropical<\/a><br \/>\nInstrumentos anal\u00f3gicos de uso tropical.<\/p>\n<p><strong>La vie<\/strong> | Per\u00fa<br \/>\n<a href=\"https:\/\/www.facebook.com\/l.php?u=https%3A%2F%2Fsoundcloud.com%2Fdiegoromero-2&amp;h=cAQFdv9qh&amp;enc=AZNrhroiwG-NTn0RvxrZlwYg3ZQoWQiTb283RTVVffmlCGIrIZTg80EbW6iNs6moMF0&amp;s=1\" target=\"_blank\" rel=\"nofollow nofollow\">https:\/\/soundcloud.com\/<wbr \/>diegoromero-2<\/a><br \/>\nElectr\u00f3nica, Ac\u00fastica, Folk, Experimental, Progresivo, Psicod\u00e9lica, Alternativo, Post-rock, Blues, Reggae, Ambient, Instrumental.<\/span><\/p>\n","protected":false},"excerpt":{"rendered":"<p>asimtria.org, Andesground (Sinta Ruqyay Yuyana) y Gebrau presentan una serie de Conciertos de Intercambio entre m\u00fasicos, no-m\u00fasicos, residentes y transe\u00fantes. Martes 12 de Enero | 7:30pm + TTT + \u010cudars Draksler Duo + La Vie Viernes 15 de Enero | 7:30pm + Maruo Bandai + Arvind Ganga INGRESO LIBERADO Venta de discos de La Vie &hellip; <a href=\"https:\/\/asimtria.org\/?p=784\" class=\"more-link\">Sigue leyendo <span class=\"screen-reader-text\">MicroFestival Sonoro de Verano<\/span><\/a><\/p>\n","protected":false},"author":1,"featured_media":785,"comment_status":"closed","ping_status":"closed","sticky":false,"template":"","format":"standard","meta":{"footnotes":""},"categories":[9,2],"tags":[],"class_list":["post-784","post","type-post","status-publish","format-standard","has-post-thumbnail","hentry","category-conciertos","category-proyectos"],"_links":{"self":[{"href":"https:\/\/asimtria.org\/index.php?rest_route=\/wp\/v2\/posts\/784","targetHints":{"allow":["GET"]}}],"collection":[{"href":"https:\/\/asimtria.org\/index.php?rest_route=\/wp\/v2\/posts"}],"about":[{"href":"https:\/\/asimtria.org\/index.php?rest_route=\/wp\/v2\/types\/post"}],"author":[{"embeddable":true,"href":"https:\/\/asimtria.org\/index.php?rest_route=\/wp\/v2\/users\/1"}],"replies":[{"embeddable":true,"href":"https:\/\/asimtria.org\/index.php?rest_route=%2Fwp%2Fv2%2Fcomments&post=784"}],"version-history":[{"count":1,"href":"https:\/\/asimtria.org\/index.php?rest_route=\/wp\/v2\/posts\/784\/revisions"}],"predecessor-version":[{"id":786,"href":"https:\/\/asimtria.org\/index.php?rest_route=\/wp\/v2\/posts\/784\/revisions\/786"}],"wp:featuredmedia":[{"embeddable":true,"href":"https:\/\/asimtria.org\/index.php?rest_route=\/wp\/v2\/media\/785"}],"wp:attachment":[{"href":"https:\/\/asimtria.org\/index.php?rest_route=%2Fwp%2Fv2%2Fmedia&parent=784"}],"wp:term":[{"taxonomy":"category","embeddable":true,"href":"https:\/\/asimtria.org\/index.php?rest_route=%2Fwp%2Fv2%2Fcategories&post=784"},{"taxonomy":"post_tag","embeddable":true,"href":"https:\/\/asimtria.org\/index.php?rest_route=%2Fwp%2Fv2%2Ftags&post=784"}],"curies":[{"name":"wp","href":"https:\/\/api.w.org\/{rel}","templated":true}]}}