{"id":638,"date":"2020-04-24T20:57:13","date_gmt":"2020-04-25T01:57:13","guid":{"rendered":"http:\/\/asimtria.org\/archivolat\/?p=638"},"modified":"2021-06-14T11:33:33","modified_gmt":"2021-06-14T16:33:33","slug":"archivolat-t3-c7-enrique-trelles","status":"publish","type":"post","link":"https:\/\/asimtria.org\/archivolat\/?p=638","title":{"rendered":"Archivolat T3 C7 : Enrique Trelles"},"content":{"rendered":"<p>(Emisi\u00f3n 30.06.2019)<\/p>\n<p>El s\u00e9ptimo cap\u00edtulo de la tercera temporada nos muestra un foco en Enrique Trelles, la persona detr\u00e1s de Summa, Para\u00edso Ambulante y otros proyectos musicales, colectivos e individuales, y de experimentaci\u00f3n sonora localizados actualmente en Lima.<\/p>\n<p>01:27 Enrique Trelles en Percusiones y Vientos, Casa Suma, Lima, Per\u00fa, el 01 de febrero de 2019.<br \/>\n14:56 Enrique Trelles en el microRecital Sonoro de Verano 2018, Arequipa, Per\u00fa, el 26 de enero de 2018.<br \/>\n26:57 Summa en Micro Recital vol 7, Casa Suma, Lima, Per\u00fa, el 03 de febrero de 2018.<br \/>\n37:58 Para\u00edso Ambulante en Micro Recital vol 6, Casa Suma, Lima, Per\u00fa, en enero de 2018.<br \/>\n51:08 Enrique Trelles y Silvana Tello en Micro Recital vol 15, Casa Suma, Lima, Per\u00fa, el 14 de diciembre de 2018.<\/p>\n<p><iframe loading=\"lazy\" width=\"100%\" height=\"400\" src=\"https:\/\/www.mixcloud.com\/widget\/iframe\/?light=1&#038;feed=%2Fasimtria%2Farchivolat-7-enrique-trelles%2F\" frameborder=\"0\" ><\/iframe><\/p>\n","protected":false},"excerpt":{"rendered":"<p>(Emisi\u00f3n 30.06.2019) El s\u00e9ptimo cap\u00edtulo de la tercera temporada nos muestra un foco en Enrique Trelles, la persona detr\u00e1s de Summa, Para\u00edso Ambulante y otros proyectos musicales, colectivos e individuales, y de experimentaci\u00f3n sonora localizados actualmente en Lima. 01:27 Enrique Trelles en Percusiones y Vientos, Casa Suma, Lima, Per\u00fa, el 01 de febrero de 2019. [&hellip;]<\/p>\n","protected":false},"author":1,"featured_media":0,"comment_status":"closed","ping_status":"open","sticky":false,"template":"","format":"standard","meta":{"footnotes":""},"categories":[2,179],"tags":[149],"class_list":["post-638","post","type-post","status-publish","format-standard","hentry","category-peru","category-radio","tag-enrique-trelles"],"_links":{"self":[{"href":"https:\/\/asimtria.org\/archivolat\/index.php?rest_route=\/wp\/v2\/posts\/638","targetHints":{"allow":["GET"]}}],"collection":[{"href":"https:\/\/asimtria.org\/archivolat\/index.php?rest_route=\/wp\/v2\/posts"}],"about":[{"href":"https:\/\/asimtria.org\/archivolat\/index.php?rest_route=\/wp\/v2\/types\/post"}],"author":[{"embeddable":true,"href":"https:\/\/asimtria.org\/archivolat\/index.php?rest_route=\/wp\/v2\/users\/1"}],"replies":[{"embeddable":true,"href":"https:\/\/asimtria.org\/archivolat\/index.php?rest_route=%2Fwp%2Fv2%2Fcomments&post=638"}],"version-history":[{"count":1,"href":"https:\/\/asimtria.org\/archivolat\/index.php?rest_route=\/wp\/v2\/posts\/638\/revisions"}],"predecessor-version":[{"id":639,"href":"https:\/\/asimtria.org\/archivolat\/index.php?rest_route=\/wp\/v2\/posts\/638\/revisions\/639"}],"wp:attachment":[{"href":"https:\/\/asimtria.org\/archivolat\/index.php?rest_route=%2Fwp%2Fv2%2Fmedia&parent=638"}],"wp:term":[{"taxonomy":"category","embeddable":true,"href":"https:\/\/asimtria.org\/archivolat\/index.php?rest_route=%2Fwp%2Fv2%2Fcategories&post=638"},{"taxonomy":"post_tag","embeddable":true,"href":"https:\/\/asimtria.org\/archivolat\/index.php?rest_route=%2Fwp%2Fv2%2Ftags&post=638"}],"curies":[{"name":"wp","href":"https:\/\/api.w.org\/{rel}","templated":true}]}}