{"id":634,"date":"2020-04-24T20:52:12","date_gmt":"2020-04-25T01:52:12","guid":{"rendered":"http:\/\/asimtria.org\/archivolat\/?p=634"},"modified":"2021-06-14T11:33:49","modified_gmt":"2021-06-14T16:33:49","slug":"archivolat-t3-c5-r1ffm4nn","status":"publish","type":"post","link":"https:\/\/asimtria.org\/archivolat\/?p=634","title":{"rendered":"Archivolat T3 C5 : R1ffm4nn"},"content":{"rendered":"<p>(Emisi\u00f3n 15.04.2019)<\/p>\n<p>El quinto cap\u00edtulo de la tercera temporada de Archivolat tiene su foco en Javier Salinas, la persona detr\u00e1s de R1ffm4nn y otros proyectos de experimentaci\u00f3n sonora localizados actualmente entre Argentina y Per\u00fa.<\/p>\n<p>01:58 R1ffm4nn en Otidiursino, en la ciudad de Arequipa, el 20 de enero de 2019.<br \/>\n22:57 R1ffm4nn en MicroRecital Sonoro de Verano, en la ciudad de Arequipa, el 20 de enero de 2018.<br \/>\n47:32 R1ffm4nn en Festival ArequipaCC, Per\u00fa, el 22 de diciembre de 2012.<br \/>\n53:31 R1ffm4nn en Festival Asimtria 7, Cusco, Per\u00fa, el 29 de setiembre de 2011.<\/p>\n<p><iframe loading=\"lazy\" width=\"100%\" height=\"400\" src=\"https:\/\/www.mixcloud.com\/widget\/iframe\/?light=1&#038;feed=%2Fasimtria%2Farchivolat-5-r1ffm4nn%2F\" frameborder=\"0\" ><\/iframe><\/p>\n","protected":false},"excerpt":{"rendered":"<p>(Emisi\u00f3n 15.04.2019) El quinto cap\u00edtulo de la tercera temporada de Archivolat tiene su foco en Javier Salinas, la persona detr\u00e1s de R1ffm4nn y otros proyectos de experimentaci\u00f3n sonora localizados actualmente entre Argentina y Per\u00fa. 01:58 R1ffm4nn en Otidiursino, en la ciudad de Arequipa, el 20 de enero de 2019. 22:57 R1ffm4nn en MicroRecital Sonoro de [&hellip;]<\/p>\n","protected":false},"author":1,"featured_media":0,"comment_status":"closed","ping_status":"open","sticky":false,"template":"","format":"standard","meta":{"footnotes":""},"categories":[12,2,179],"tags":[138],"class_list":["post-634","post","type-post","status-publish","format-standard","hentry","category-argentina","category-peru","category-radio","tag-r1ffm4nn"],"_links":{"self":[{"href":"https:\/\/asimtria.org\/archivolat\/index.php?rest_route=\/wp\/v2\/posts\/634","targetHints":{"allow":["GET"]}}],"collection":[{"href":"https:\/\/asimtria.org\/archivolat\/index.php?rest_route=\/wp\/v2\/posts"}],"about":[{"href":"https:\/\/asimtria.org\/archivolat\/index.php?rest_route=\/wp\/v2\/types\/post"}],"author":[{"embeddable":true,"href":"https:\/\/asimtria.org\/archivolat\/index.php?rest_route=\/wp\/v2\/users\/1"}],"replies":[{"embeddable":true,"href":"https:\/\/asimtria.org\/archivolat\/index.php?rest_route=%2Fwp%2Fv2%2Fcomments&post=634"}],"version-history":[{"count":1,"href":"https:\/\/asimtria.org\/archivolat\/index.php?rest_route=\/wp\/v2\/posts\/634\/revisions"}],"predecessor-version":[{"id":635,"href":"https:\/\/asimtria.org\/archivolat\/index.php?rest_route=\/wp\/v2\/posts\/634\/revisions\/635"}],"wp:attachment":[{"href":"https:\/\/asimtria.org\/archivolat\/index.php?rest_route=%2Fwp%2Fv2%2Fmedia&parent=634"}],"wp:term":[{"taxonomy":"category","embeddable":true,"href":"https:\/\/asimtria.org\/archivolat\/index.php?rest_route=%2Fwp%2Fv2%2Fcategories&post=634"},{"taxonomy":"post_tag","embeddable":true,"href":"https:\/\/asimtria.org\/archivolat\/index.php?rest_route=%2Fwp%2Fv2%2Ftags&post=634"}],"curies":[{"name":"wp","href":"https:\/\/api.w.org\/{rel}","templated":true}]}}