{"id":621,"date":"2020-04-24T19:35:41","date_gmt":"2020-04-25T00:35:41","guid":{"rendered":"http:\/\/asimtria.org\/archivolat\/?p=621"},"modified":"2021-06-14T11:34:20","modified_gmt":"2021-06-14T16:34:20","slug":"archivolat-t3-c1-warida-libre","status":"publish","type":"post","link":"https:\/\/asimtria.org\/archivolat\/?p=621","title":{"rendered":"Archivolat T3 C1 : Warida Libre"},"content":{"rendered":"<p>(Emisi\u00f3n 12.03.2019)<\/p>\n<p>Apertura la tercera temporada de Archivolat con un foco en Franco Panchi, la persona detr\u00e1s de Warida Libre y 5.1.N., proyectos de experimentaci\u00f3n sonora localizados en la ciudad de Arequipa, en Per\u00fa.<\/p>\n<p>01:40 Warida Libre + Takau (Improvisaci\u00f3n durante NOYZ vol 03 en Arequipa, 2015)<br \/>\n07:02 Warida Libre en Ru-Idea! en Arequipa, 2012<br \/>\n18:45 Warida Libre en Festival Asim&#8217;tria 8 en Arequipa, 2012<br \/>\n23:26 5.1.N. en Festival Asim7ria en Cusco, 2011<br \/>\n34:30 Warida Libre en Aprender Matando 3\u00a0 en Arequipa, 2011<\/p>\n<p><iframe loading=\"lazy\" src=\"https:\/\/w.soundcloud.com\/player\/?url=https%3A\/\/api.soundcloud.com\/tracks\/723882760&amp;color=%23ff5500&amp;auto_play=false&amp;hide_related=false&amp;show_comments=true&amp;show_user=true&amp;show_reposts=false&amp;show_teaser=true&amp;visual=true\" width=\"100%\" height=\"300\" frameborder=\"no\" scrolling=\"no\"><span style=\"display: inline-block; width: 0px; overflow: hidden; line-height: 0;\" data-mce-type=\"bookmark\" class=\"mce_SELRES_start\">\ufeff<\/span><span style=\"display: inline-block; width: 0px; overflow: hidden; line-height: 0;\" data-mce-type=\"bookmark\" class=\"mce_SELRES_start\">\ufeff<\/span><\/iframe><\/p>\n<div style=\"font-size: 10px; color: #cccccc; line-break: anywhere; word-break: normal; overflow: hidden; white-space: nowrap; text-overflow: ellipsis; font-family: Interstate,Lucida Grande,Lucida Sans Unicode,Lucida Sans,Garuda,Verdana,Tahoma,sans-serif; font-weight: 100;\"><a style=\"color: #cccccc; text-decoration: none;\" title=\"asimtria.org\" href=\"https:\/\/soundcloud.com\/asimtria\" target=\"_blank\" rel=\"noopener\">asimtria.org<\/a> \u00b7 <a style=\"color: #cccccc; text-decoration: none;\" title=\"Archivolat 1 - Warida Libre\" href=\"https:\/\/soundcloud.com\/asimtria\/archivolat-1-warida-libre\" target=\"_blank\" rel=\"noopener\">Archivolat 1 &#8211; Warida Libre<\/a><\/div>\n","protected":false},"excerpt":{"rendered":"<p>(Emisi\u00f3n 12.03.2019) Apertura la tercera temporada de Archivolat con un foco en Franco Panchi, la persona detr\u00e1s de Warida Libre y 5.1.N., proyectos de experimentaci\u00f3n sonora localizados en la ciudad de Arequipa, en Per\u00fa. 01:40 Warida Libre + Takau (Improvisaci\u00f3n durante NOYZ vol 03 en Arequipa, 2015) 07:02 Warida Libre en Ru-Idea! en Arequipa, 2012 [&hellip;]<\/p>\n","protected":false},"author":1,"featured_media":0,"comment_status":"closed","ping_status":"open","sticky":false,"template":"","format":"standard","meta":{"footnotes":""},"categories":[2,179],"tags":[11],"class_list":["post-621","post","type-post","status-publish","format-standard","hentry","category-peru","category-radio","tag-warida-libre"],"_links":{"self":[{"href":"https:\/\/asimtria.org\/archivolat\/index.php?rest_route=\/wp\/v2\/posts\/621","targetHints":{"allow":["GET"]}}],"collection":[{"href":"https:\/\/asimtria.org\/archivolat\/index.php?rest_route=\/wp\/v2\/posts"}],"about":[{"href":"https:\/\/asimtria.org\/archivolat\/index.php?rest_route=\/wp\/v2\/types\/post"}],"author":[{"embeddable":true,"href":"https:\/\/asimtria.org\/archivolat\/index.php?rest_route=\/wp\/v2\/users\/1"}],"replies":[{"embeddable":true,"href":"https:\/\/asimtria.org\/archivolat\/index.php?rest_route=%2Fwp%2Fv2%2Fcomments&post=621"}],"version-history":[{"count":1,"href":"https:\/\/asimtria.org\/archivolat\/index.php?rest_route=\/wp\/v2\/posts\/621\/revisions"}],"predecessor-version":[{"id":622,"href":"https:\/\/asimtria.org\/archivolat\/index.php?rest_route=\/wp\/v2\/posts\/621\/revisions\/622"}],"wp:attachment":[{"href":"https:\/\/asimtria.org\/archivolat\/index.php?rest_route=%2Fwp%2Fv2%2Fmedia&parent=621"}],"wp:term":[{"taxonomy":"category","embeddable":true,"href":"https:\/\/asimtria.org\/archivolat\/index.php?rest_route=%2Fwp%2Fv2%2Fcategories&post=621"},{"taxonomy":"post_tag","embeddable":true,"href":"https:\/\/asimtria.org\/archivolat\/index.php?rest_route=%2Fwp%2Fv2%2Ftags&post=621"}],"curies":[{"name":"wp","href":"https:\/\/api.w.org\/{rel}","templated":true}]}}