{"id":126,"date":"2017-09-12T18:16:36","date_gmt":"2017-09-12T23:16:36","guid":{"rendered":"http:\/\/asimtria.org\/archivolat\/?p=126"},"modified":"2018-02-22T14:30:18","modified_gmt":"2018-02-22T19:30:18","slug":"abel-castro-xiii-festival-ecuatoriano-de-musica-contemporanea-centro-de-arte-contemporaneo-quito-ecuador-12-09-2017","status":"publish","type":"post","link":"https:\/\/asimtria.org\/archivolat\/?p=126","title":{"rendered":"Abel Castro | XIII Festival Ecuatoriano de M\u00fasica Contempor\u00e1nea | Centro de Arte Contempor\u00e1neo | Quito, Ecuador | 12.09.2017"},"content":{"rendered":"<p><iframe loading=\"lazy\" title=\"Abel Castro\" width=\"660\" height=\"371\" src=\"https:\/\/www.youtube.com\/embed\/bzw6nJF3IzA?feature=oembed\" frameborder=\"0\" allow=\"accelerometer; autoplay; clipboard-write; encrypted-media; gyroscope; picture-in-picture; web-share\" referrerpolicy=\"strict-origin-when-cross-origin\" allowfullscreen><\/iframe><\/p>\n","protected":false},"excerpt":{"rendered":"","protected":false},"author":1,"featured_media":0,"comment_status":"closed","ping_status":"open","sticky":false,"template":"","format":"standard","meta":{"footnotes":""},"categories":[33,2],"tags":[34],"class_list":["post-126","post","type-post","status-publish","format-standard","hentry","category-ecuador","category-peru","tag-abel-castro"],"_links":{"self":[{"href":"https:\/\/asimtria.org\/archivolat\/index.php?rest_route=\/wp\/v2\/posts\/126","targetHints":{"allow":["GET"]}}],"collection":[{"href":"https:\/\/asimtria.org\/archivolat\/index.php?rest_route=\/wp\/v2\/posts"}],"about":[{"href":"https:\/\/asimtria.org\/archivolat\/index.php?rest_route=\/wp\/v2\/types\/post"}],"author":[{"embeddable":true,"href":"https:\/\/asimtria.org\/archivolat\/index.php?rest_route=\/wp\/v2\/users\/1"}],"replies":[{"embeddable":true,"href":"https:\/\/asimtria.org\/archivolat\/index.php?rest_route=%2Fwp%2Fv2%2Fcomments&post=126"}],"version-history":[{"count":1,"href":"https:\/\/asimtria.org\/archivolat\/index.php?rest_route=\/wp\/v2\/posts\/126\/revisions"}],"predecessor-version":[{"id":127,"href":"https:\/\/asimtria.org\/archivolat\/index.php?rest_route=\/wp\/v2\/posts\/126\/revisions\/127"}],"wp:attachment":[{"href":"https:\/\/asimtria.org\/archivolat\/index.php?rest_route=%2Fwp%2Fv2%2Fmedia&parent=126"}],"wp:term":[{"taxonomy":"category","embeddable":true,"href":"https:\/\/asimtria.org\/archivolat\/index.php?rest_route=%2Fwp%2Fv2%2Fcategories&post=126"},{"taxonomy":"post_tag","embeddable":true,"href":"https:\/\/asimtria.org\/archivolat\/index.php?rest_route=%2Fwp%2Fv2%2Ftags&post=126"}],"curies":[{"name":"wp","href":"https:\/\/api.w.org\/{rel}","templated":true}]}}